{"id":21,"date":"2024-05-10T18:57:42","date_gmt":"2024-05-10T18:57:42","guid":{"rendered":"https:\/\/jrodriguez.vccdigitalmedia.ca\/wordpress-sandbox\/?p=21"},"modified":"2024-05-20T17:21:48","modified_gmt":"2024-05-20T17:21:48","slug":"como-como","status":"publish","type":"post","link":"https:\/\/jrodriguez.vccdigitalmedia.ca\/wordpress-sandbox\/2024\/05\/10\/como-como\/","title":{"rendered":"Como como?"},"content":{"rendered":"\n<figure class=\"wp-block-image size-large\"><img loading=\"lazy\" decoding=\"async\" width=\"1024\" height=\"1024\" src=\"https:\/\/jrodriguez.vccdigitalmedia.ca\/wordpress-sandbox\/wp-content\/uploads\/2024\/05\/3-1-1024x1024.jpg\" alt=\"\" class=\"wp-image-56\" srcset=\"https:\/\/jrodriguez.vccdigitalmedia.ca\/wordpress-sandbox\/wp-content\/uploads\/2024\/05\/3-1-1024x1024.jpg 1024w, https:\/\/jrodriguez.vccdigitalmedia.ca\/wordpress-sandbox\/wp-content\/uploads\/2024\/05\/3-1-300x300.jpg 300w, https:\/\/jrodriguez.vccdigitalmedia.ca\/wordpress-sandbox\/wp-content\/uploads\/2024\/05\/3-1-150x150.jpg 150w, https:\/\/jrodriguez.vccdigitalmedia.ca\/wordpress-sandbox\/wp-content\/uploads\/2024\/05\/3-1-768x768.jpg 768w, https:\/\/jrodriguez.vccdigitalmedia.ca\/wordpress-sandbox\/wp-content\/uploads\/2024\/05\/3-1.jpg 1200w\" sizes=\"auto, (max-width: 1024px) 100vw, 1024px\" \/><\/figure>\n\n\n\n<p>La amistad&nbsp;<strong>es una relaci\u00f3n afectiva entre dos o m\u00e1s individuos&nbsp;<\/strong>que se sustenta en valores fundamentales como el amor, la lealtad, la solidaridad, la incondicionalidad, la sinceridad y el compromiso.<\/p>\n\n\n\n<p>Es un tipo de v\u00ednculo que se cultiva con el trato asiduo y el inter\u00e9s rec\u00edproco a lo largo del tiempo.<\/p>\n\n\n\n<p>La amistad puede surgir entre personas de distintas edades, religiones, ideolog\u00edas, culturas, extracci\u00f3n social, etc.<\/p>\n\n\n\n<p>Incluso, se puede establecer una amistad entre un ser humano y un animal (no por nada el perro es el mejor amigo del hombre).<\/p>\n\n\n\n<p>Las relaciones de amistad pueden surgir en los m\u00e1s diversos contextos y situaciones. Desde el lugar donde trabajamos o estudiamos hasta fiestas, a trav\u00e9s de otros amigos o redes sociales, etc.<\/p>\n\n\n\n<p>Existen diferentes grados de amistad. Hay amigos con quienes tenemos una relaci\u00f3n m\u00e1s distante, y otros amigos con quienes el trato es tan estrecho que los consideramos&nbsp;<strong>\u201cmejores amigos\u201d<\/strong>. Esa amistad adquiere un grado de superioridad sobre las otras amistades.<\/p>\n\n\n\n<p>La amistad no solamente surge por afinidad con quien tiene nuestros gustos e intereses, sino que puede aparecer entre personas muy dispares.<\/p>\n\n\n\n<p>En ocasiones, las diferencias fortalecen la relaci\u00f3n, pues una buena amistad complementa y enriquece a la persona.<\/p>\n\n\n\n<p>La amistad no solo consiste en el intercambio de ideas y sentimientos, sino tambi\u00e9n en compartir los buenos y malos momentos de la vida.<\/p>\n\n\n\n<blockquote class=\"wp-block-quote is-layout-flow wp-block-quote-is-layout-flow\">\n<p class=\"has-text-align-center has-white-color has-accent-background-color has-text-color has-background has-link-color has-large-font-size wp-elements-2476b4dce4e920663855aceab3701f02\">&#8220;La amistad es lo m\u00e1s importante en la vida del ser humano&#8221;<\/p>\n<cite>Pablito Lucrecio<\/cite><\/blockquote>\n\n\n\n<p><\/p>\n","protected":false},"excerpt":{"rendered":"<p>La amistad&nbsp;es una relaci\u00f3n afectiva entre dos o m\u00e1s individuos&nbsp;que se sustenta en valores fundamentales como el amor, la lealtad, la solidaridad, la incondicionalidad, la sinceridad y el compromiso. Es un tipo de v\u00ednculo que se cultiva con el trato asiduo y el inter\u00e9s rec\u00edproco a lo largo del tiempo. [&hellip;]<\/p>\n","protected":false},"author":1,"featured_media":0,"comment_status":"open","ping_status":"open","sticky":false,"template":"","format":"standard","meta":{"footnotes":""},"categories":[1],"tags":[],"class_list":["post-21","post","type-post","status-publish","format-standard","hentry","category-el-baul-del-los-blogs"],"_links":{"self":[{"href":"https:\/\/jrodriguez.vccdigitalmedia.ca\/wordpress-sandbox\/wp-json\/wp\/v2\/posts\/21","targetHints":{"allow":["GET"]}}],"collection":[{"href":"https:\/\/jrodriguez.vccdigitalmedia.ca\/wordpress-sandbox\/wp-json\/wp\/v2\/posts"}],"about":[{"href":"https:\/\/jrodriguez.vccdigitalmedia.ca\/wordpress-sandbox\/wp-json\/wp\/v2\/types\/post"}],"author":[{"embeddable":true,"href":"https:\/\/jrodriguez.vccdigitalmedia.ca\/wordpress-sandbox\/wp-json\/wp\/v2\/users\/1"}],"replies":[{"embeddable":true,"href":"https:\/\/jrodriguez.vccdigitalmedia.ca\/wordpress-sandbox\/wp-json\/wp\/v2\/comments?post=21"}],"version-history":[{"count":2,"href":"https:\/\/jrodriguez.vccdigitalmedia.ca\/wordpress-sandbox\/wp-json\/wp\/v2\/posts\/21\/revisions"}],"predecessor-version":[{"id":58,"href":"https:\/\/jrodriguez.vccdigitalmedia.ca\/wordpress-sandbox\/wp-json\/wp\/v2\/posts\/21\/revisions\/58"}],"wp:attachment":[{"href":"https:\/\/jrodriguez.vccdigitalmedia.ca\/wordpress-sandbox\/wp-json\/wp\/v2\/media?parent=21"}],"wp:term":[{"taxonomy":"category","embeddable":true,"href":"https:\/\/jrodriguez.vccdigitalmedia.ca\/wordpress-sandbox\/wp-json\/wp\/v2\/categories?post=21"},{"taxonomy":"post_tag","embeddable":true,"href":"https:\/\/jrodriguez.vccdigitalmedia.ca\/wordpress-sandbox\/wp-json\/wp\/v2\/tags?post=21"}],"curies":[{"name":"wp","href":"https:\/\/api.w.org\/{rel}","templated":true}]}}